{"id":13326,"date":"2024-08-23T01:25:59","date_gmt":"2024-08-22T23:25:59","guid":{"rendered":"https:\/\/valintermed.com\/?p=13326"},"modified":"2024-08-23T01:25:59","modified_gmt":"2024-08-22T23:25:59","slug":"golovokruzhenie","status":"publish","type":"post","link":"https:\/\/valintermed.com\/es\/medlibrary\/golovokruzhenie\/","title":{"rendered":"Mareo"},"content":{"rendered":"<div class=\"fpm_start\"><\/div>\n<p>El mareo es una sensaci\u00f3n subjetiva de alteraci\u00f3n de la orientaci\u00f3n espacial, a menudo acompa\u00f1ada de un estado de inestabilidad, debilidad y posibles alteraciones vestibulares. Este fen\u00f3meno puede ocurrir por muchas razones y estar asociado tanto con enfermedades del sistema nervioso central como con patolog\u00edas de la parte perif\u00e9rica del aparato vestibular. El mareo puede manifestarse como una sensaci\u00f3n de rotaci\u00f3n verdadera o falsa e irreal, y depende tanto del estado del propio paciente como de factores externos. Dependiendo de la etiolog\u00eda, los mareos se pueden clasificar en sist\u00e9micos y no sist\u00e9micos, lo que requiere un diagn\u00f3stico cuidadoso para determinar su causa y, en consecuencia, el correcto abordaje del tratamiento.<\/p>\n<div id=\"ez-toc-container\" class=\"ez-toc-v2_0_86 counter-flat ez-toc-counter ez-toc-light-blue ez-toc-container-direction\">\n<div class=\"ez-toc-title-container\">\n<p class=\"ez-toc-title\" style=\"cursor:inherit\">Contenido<\/p>\n<span class=\"ez-toc-title-toggle\"><a href=\"#\" class=\"ez-toc-pull-right ez-toc-btn ez-toc-btn-xs ez-toc-btn-default ez-toc-toggle\" aria-label=\"Pesta\u00f1a de contenido alternativo\"><span class=\"ez-toc-js-icon-con\"><span class=\"\"><span class=\"eztoc-hide\" style=\"display:none;\">Palanca<\/span><span class=\"ez-toc-icon-toggle-span\"><svg style=\"fill: #999;color:#999\" xmlns=\"http:\/\/www.w3.org\/2000\/svg\" class=\"list-377408\" width=\"20px\" height=\"20px\" viewbox=\"0 0 24 24\" fill=\"none\"><path d=\"M6 6H4v2h2V6zm14 0H8v2h12V6zM4 11h2v2H4v-2zm16 0H8v2h12v-2zM4 16h2v2H4v-2zm16 0H8v2h12v-2z\" fill=\"currentColor\"><\/path><\/svg><svg style=\"fill: #999;color:#999\" class=\"arrow-unsorted-368013\" xmlns=\"http:\/\/www.w3.org\/2000\/svg\" width=\"10px\" height=\"10px\" viewbox=\"0 0 24 24\" version=\"1.2\" baseprofile=\"tiny\"><path d=\"M18.2 9.3l-6.2-6.3-6.2 6.3c-.2.2-.3.4-.3.7s.1.5.3.7c.2.2.4.3.7.3h11c.3 0 .5-.1.7-.3.2-.2.3-.5.3-.7s-.1-.5-.3-.7zM5.8 14.7l6.2 6.3 6.2-6.3c.2-.2.3-.5.3-.7s-.1-.5-.3-.7c-.2-.2-.4-.3-.7-.3h-11c-.3 0-.5.1-.7.3-.2.2-.3.5-.3.7s.1.5.3.7z\"\/><\/svg><\/span><\/span><\/span><\/a><\/span><\/div>\n<nav><ul class='ez-toc-list ez-toc-list-level-1 eztoc-toggle-hide-by-default' ><li class='ez-toc-page-1'><a class=\"ez-toc-link ez-toc-heading-1\" href=\"https:\/\/valintermed.com\/es\/medlibrary\/golovokruzhenie\/#%D0%98%D1%81%D1%82%D0%BE%D1%80%D0%B8%D1%8F_%D0%B7%D0%B0%D0%B1%D0%BE%D0%BB%D0%B5%D0%B2%D0%B0%D0%BD%D0%B8%D1%8F_%D0%B8_%D0%B8%D0%BD%D1%82%D0%B5%D1%80%D0%B5%D1%81%D0%BD%D1%8B%D0%B5_%D0%B8%D1%81%D1%82%D0%BE%D1%80%D0%B8%D1%87%D0%B5%D1%81%D0%BA%D0%B8%D0%B5_%D1%84%D0%B0%D0%BA%D1%82%D1%8B\" >Historia de la enfermedad y hechos hist\u00f3ricos interesantes.<\/a><\/li><li class='ez-toc-page-1'><a class=\"ez-toc-link ez-toc-heading-2\" href=\"https:\/\/valintermed.com\/es\/medlibrary\/golovokruzhenie\/#%D0%AD%D0%BF%D0%B8%D0%B4%D0%B5%D0%BC%D0%B8%D0%BE%D0%BB%D0%BE%D0%B3%D0%B8%D1%8F\" >Epidemiolog\u00eda<\/a><\/li><li class='ez-toc-page-1'><a class=\"ez-toc-link ez-toc-heading-3\" href=\"https:\/\/valintermed.com\/es\/medlibrary\/golovokruzhenie\/#%D0%93%D0%B5%D0%BD%D0%B5%D1%82%D0%B8%D1%87%D0%B5%D1%81%D0%BA%D0%B0%D1%8F_%D0%BF%D1%80%D0%B5%D0%B4%D1%80%D0%B0%D1%81%D0%BF%D0%BE%D0%BB%D0%BE%D0%B6%D0%B5%D0%BD%D0%BD%D0%BE%D1%81%D1%82%D1%8C_%D0%BA_%D0%B4%D0%B0%D0%BD%D0%BD%D0%BE%D0%BC%D1%83_%D0%B7%D0%B0%D0%B1%D0%BE%D0%BB%D0%B5%D0%B2%D0%B0%D0%BD%D0%B8%D1%8E\" >Predisposici\u00f3n gen\u00e9tica a esta enfermedad.<\/a><\/li><li class='ez-toc-page-1'><a class=\"ez-toc-link ez-toc-heading-4\" href=\"https:\/\/valintermed.com\/es\/medlibrary\/golovokruzhenie\/#%D0%A4%D0%B0%D0%BA%D1%82%D0%BE%D1%80%D1%8B_%D1%80%D0%B8%D1%81%D0%BA%D0%B0_%D0%B2%D0%BE%D0%B7%D0%BD%D0%B8%D0%BA%D0%BD%D0%BE%D0%B2%D0%B5%D0%BD%D0%B8%D1%8F_%D0%B4%D0%B0%D0%BD%D0%BD%D0%BE%D0%B3%D0%BE_%D0%B7%D0%B0%D0%B1%D0%BE%D0%BB%D0%B5%D0%B2%D0%B0%D0%BD%D0%B8%D1%8F\" >Factores de riesgo de esta enfermedad.<\/a><\/li><li class='ez-toc-page-1'><a class=\"ez-toc-link ez-toc-heading-5\" href=\"https:\/\/valintermed.com\/es\/medlibrary\/golovokruzhenie\/#%D0%94%D0%B8%D0%B0%D0%B3%D0%BD%D0%BE%D1%81%D1%82%D0%B8%D0%BA%D0%B0_%D0%B4%D0%B0%D0%BD%D0%BD%D0%BE%D0%B3%D0%BE_%D0%B7%D0%B0%D0%B1%D0%BE%D0%BB%D0%B5%D0%B2%D0%B0%D0%BD%D0%B8%D1%8F\" >Diagn\u00f3stico de esta enfermedad.<\/a><\/li><li class='ez-toc-page-1'><a class=\"ez-toc-link ez-toc-heading-6\" href=\"https:\/\/valintermed.com\/es\/medlibrary\/golovokruzhenie\/#%D0%9B%D0%B5%D1%87%D0%B5%D0%BD%D0%B8%D0%B5\" >Tratamiento<\/a><\/li><li class='ez-toc-page-1'><a class=\"ez-toc-link ez-toc-heading-7\" href=\"https:\/\/valintermed.com\/es\/medlibrary\/golovokruzhenie\/#%D0%A1%D0%BF%D0%B8%D1%81%D0%BE%D0%BA_%D0%BB%D0%B5%D0%BA%D0%B0%D1%80%D1%81%D1%82%D0%B2_%D0%BF%D1%80%D0%B8%D0%BC%D0%B5%D0%BD%D1%8F%D0%B5%D0%BC%D1%8B%D1%85_%D0%B4%D0%BB%D1%8F_%D0%BB%D0%B5%D1%87%D0%B5%D0%BD%D0%B8%D1%8F_%D0%B4%D0%B0%D0%BD%D0%BD%D0%BE%D0%B3%D0%BE_%D0%B7%D0%B0%D0%B1%D0%BE%D0%BB%D0%B5%D0%B2%D0%B0%D0%BD%D0%B8%D1%8F\" >Lista de medicamentos utilizados para tratar esta enfermedad.<\/a><\/li><li class='ez-toc-page-1'><a class=\"ez-toc-link ez-toc-heading-8\" href=\"https:\/\/valintermed.com\/es\/medlibrary\/golovokruzhenie\/#%D0%9C%D0%BE%D0%BD%D0%B8%D1%82%D0%BE%D1%80%D0%B8%D0%BD%D0%B3_%D0%B7%D0%B0%D0%B1%D0%BE%D0%BB%D0%B5%D0%B2%D0%B0%D0%BD%D0%B8%D1%8F\" >Monitoreo de enfermedades<\/a><\/li><li class='ez-toc-page-1'><a class=\"ez-toc-link ez-toc-heading-9\" href=\"https:\/\/valintermed.com\/es\/medlibrary\/golovokruzhenie\/#%D0%92%D0%BE%D0%B7%D1%80%D0%B0%D1%81%D1%82%D0%BD%D1%8B%D0%B5_%D0%BE%D1%81%D0%BE%D0%B1%D0%B5%D0%BD%D0%BD%D0%BE%D1%81%D1%82%D0%B8_%D0%B7%D0%B0%D0%B1%D0%BE%D0%BB%D0%B5%D0%B2%D0%B0%D0%BD%D0%B8%D1%8F\" >Caracter\u00edsticas de la enfermedad relacionadas con la edad.<\/a><\/li><li class='ez-toc-page-1'><a class=\"ez-toc-link ez-toc-heading-10\" href=\"https:\/\/valintermed.com\/es\/medlibrary\/golovokruzhenie\/#%D0%92%D0%BE%D0%BF%D1%80%D0%BE%D1%81%D1%8B_%D0%B8_%D0%BE%D1%82%D0%B2%D0%B5%D1%82%D1%8B\" >Preguntas y respuestas<\/a><\/li><\/ul><\/nav><\/div>\n<h2><span class=\"ez-toc-section\" id=\"%D0%98%D1%81%D1%82%D0%BE%D1%80%D0%B8%D1%8F_%D0%B7%D0%B0%D0%B1%D0%BE%D0%BB%D0%B5%D0%B2%D0%B0%D0%BD%D0%B8%D1%8F_%D0%B8_%D0%B8%D0%BD%D1%82%D0%B5%D1%80%D0%B5%D1%81%D0%BD%D1%8B%D0%B5_%D0%B8%D1%81%D1%82%D0%BE%D1%80%D0%B8%D1%87%D0%B5%D1%81%D0%BA%D0%B8%D0%B5_%D1%84%D0%B0%D0%BA%D1%82%D1%8B\"><\/span>Historia de la enfermedad y hechos hist\u00f3ricos interesantes.<span class=\"ez-toc-section-end\"><\/span><\/h2>\n<p>El estudio del v\u00e9rtigo se remonta a siglos atr\u00e1s e implica una gran cantidad de investigaciones m\u00e9dicas y neurol\u00f3gicas. Una de las primeras descripciones de este s\u00edntoma puede considerarse obra de Hip\u00f3crates, quien en el siglo IV a.C. se\u00f1al\u00f3 la necesidad de tener en cuenta tales sensaciones a la hora de diagnosticar diversas enfermedades. En el siglo XVII, el m\u00e9dico holand\u00e9s Cornelius Van Dermeers describi\u00f3 casos de mareos entre marineros y exploradores, relacion\u00e1ndolos con enfermedades internas de los o\u00eddos. En el siglo XIX, la atenci\u00f3n cient\u00edfica se centr\u00f3 en el aparato vestibular cuando el anatomista alem\u00e1n Gustav Friedrich Sigmund comenz\u00f3 a estudiar sistem\u00e1ticamente su funci\u00f3n. Las tecnolog\u00edas modernas, como la resonancia magn\u00e9tica y la tomograf\u00eda computarizada, han abierto nuevos horizontes en la comprensi\u00f3n de las causas del mareo, permiti\u00e9ndonos identificar patolog\u00edas que antes habr\u00edan quedado sin resolver.<\/p>\n<h2><span class=\"ez-toc-section\" id=\"%D0%AD%D0%BF%D0%B8%D0%B4%D0%B5%D0%BC%D0%B8%D0%BE%D0%BB%D0%BE%D0%B3%D0%B8%D1%8F\"><\/span>Epidemiolog\u00eda<span class=\"ez-toc-section-end\"><\/span><\/h2>\n<p>Los datos sobre la prevalencia de mareos var\u00edan, pero los estudios han demostrado que este s\u00edntoma ocurre en 20-30% de la poblaci\u00f3n durante su vida. Aproximadamente las llamadas 10% a servicios de neurolog\u00eda est\u00e1n relacionadas espec\u00edficamente con mareos. En el grupo de mayores de 65 a\u00f1os esta cifra se eleva a 60%. La tasa de incidencia tambi\u00e9n es mayor entre las mujeres que entre los hombres. Adem\u00e1s, ciertos grupos \u00e9tnicos pueden tener tasas de incidencia m\u00e1s altas, lo que indica posibles factores gen\u00e9ticos o culturales. Seg\u00fan un estudio realizado en Estados Unidos, entre los ciudadanos de 70 a\u00f1os o m\u00e1s, los mareos se detectan en una de cada tres personas, lo que lo convierte en uno de los problemas m\u00e1s comunes entre las personas mayores.<\/p>\n<h2><span class=\"ez-toc-section\" id=\"%D0%93%D0%B5%D0%BD%D0%B5%D1%82%D0%B8%D1%87%D0%B5%D1%81%D0%BA%D0%B0%D1%8F_%D0%BF%D1%80%D0%B5%D0%B4%D1%80%D0%B0%D1%81%D0%BF%D0%BE%D0%BB%D0%BE%D0%B6%D0%B5%D0%BD%D0%BD%D0%BE%D1%81%D1%82%D1%8C_%D0%BA_%D0%B4%D0%B0%D0%BD%D0%BD%D0%BE%D0%BC%D1%83_%D0%B7%D0%B0%D0%B1%D0%BE%D0%BB%D0%B5%D0%B2%D0%B0%D0%BD%D0%B8%D1%8E\"><\/span>Predisposici\u00f3n gen\u00e9tica a esta enfermedad.<span class=\"ez-toc-section-end\"><\/span><\/h2>\n<p>Existe evidencia de que algunas formas de mareos pueden ser hereditarias. Por ejemplo, en casos de v\u00e9rtigo posicional parox\u00edstico benigno (VPPB), se han identificado mutaciones en genes implicados en la funci\u00f3n vestibular. Genes como GJB2 y SLC26A4 desempe\u00f1an funciones clave en el desarrollo de los sistemas auditivo y vestibular, y sus trastornos pueden provocar diversos s\u00edndromes vestibulares. A pesar de las investigaciones existentes, la predisposici\u00f3n gen\u00e9tica a la mayor\u00eda de las formas de mareos a\u00fan no se comprende completamente y requiere m\u00e1s investigaci\u00f3n para determinar una correlaci\u00f3n clara entre los genes y la predisposici\u00f3n a desarrollar este s\u00edntoma.<\/p>\n<h2><span class=\"ez-toc-section\" id=\"%D0%A4%D0%B0%D0%BA%D1%82%D0%BE%D1%80%D1%8B_%D1%80%D0%B8%D1%81%D0%BA%D0%B0_%D0%B2%D0%BE%D0%B7%D0%BD%D0%B8%D0%BA%D0%BD%D0%BE%D0%B2%D0%B5%D0%BD%D0%B8%D1%8F_%D0%B4%D0%B0%D0%BD%D0%BD%D0%BE%D0%B3%D0%BE_%D0%B7%D0%B0%D0%B1%D0%BE%D0%BB%D0%B5%D0%B2%D0%B0%D0%BD%D0%B8%D1%8F\"><\/span>Factores de riesgo de esta enfermedad.<span class=\"ez-toc-section-end\"><\/span><\/h2>\n<p>Los factores de riesgo que contribuyen al desarrollo de mareos incluyen:<\/p>\n<ul>\n<li>Edad: El riesgo aumenta con la edad.<\/li>\n<li>Enfermedades concomitantes: como diabetes, hipertensi\u00f3n, aterosclerosis.<\/li>\n<li>Trastornos neurol\u00f3gicos: migra\u00f1a, epilepsia, esclerosis m\u00faltiple.<\/li>\n<li>Actividad f\u00edsica: Los cambios bruscos de posici\u00f3n del cuerpo pueden provocar mareos.<\/li>\n<li>Tomar medicamentos: Algunos medicamentos pueden tener efectos secundarios como mareos.<\/li>\n<li>Alcohol y drogas: pueden empeorar o provocar episodios de mareos.<\/li>\n<li>Trastornos de estr\u00e9s y ansiedad: pueden contribuir a los s\u00edntomas.<\/li>\n<\/ul>\n<p>La atenci\u00f3n a estos factores puede ayudar en la prevenci\u00f3n y el diagn\u00f3stico oportuno de los mareos.<\/p>\n<h2><span class=\"ez-toc-section\" id=\"%D0%94%D0%B8%D0%B0%D0%B3%D0%BD%D0%BE%D1%81%D1%82%D0%B8%D0%BA%D0%B0_%D0%B4%D0%B0%D0%BD%D0%BD%D0%BE%D0%B3%D0%BE_%D0%B7%D0%B0%D0%B1%D0%BE%D0%BB%D0%B5%D0%B2%D0%B0%D0%BD%D0%B8%D1%8F\"><\/span>Diagn\u00f3stico de esta enfermedad.<span class=\"ez-toc-section-end\"><\/span><\/h2>\n<p>El diagn\u00f3stico de mareos incluye muchas etapas:<\/p>\n<ul>\n<li>Historia: El m\u00e9dico necesita informaci\u00f3n sobre la naturaleza y duraci\u00f3n de los mareos, los posibles desencadenantes y los s\u00edntomas asociados.<\/li>\n<li>Examen f\u00edsico: incluye pruebas de equilibrio y funci\u00f3n vestibular.<\/li>\n<li>Pruebas de laboratorio: Los an\u00e1lisis de sangre completos pueden ayudar a descartar enfermedades infecciosas y sist\u00e9micas.<\/li>\n<li>Ex\u00e1menes radiol\u00f3gicos: resonancia magn\u00e9tica o tomograf\u00eda computarizada del \u00e1rea del cerebro y el cuello para detectar anomal\u00edas estructurales.<\/li>\n<li>Pruebas vestibulares: Prueba de peso universal para evaluar la funci\u00f3n de los sistemas vestibulares.<\/li>\n<li>Electronistagmograf\u00eda: ayuda a evaluar la funci\u00f3n vestibular e identificar anomal\u00edas.<\/li>\n<li>Diagn\u00f3stico diferencial: necesario para excluir otras enfermedades como ictus, tumores, infarto de miocardio, etc.<\/li>\n<\/ul>\n<p>Un diagn\u00f3stico tan completo le permite establecer un diagn\u00f3stico preciso y elegir la terapia adecuada.<\/p>\n<h2><span class=\"ez-toc-section\" id=\"%D0%9B%D0%B5%D1%87%D0%B5%D0%BD%D0%B8%D0%B5\"><\/span>Tratamiento<span class=\"ez-toc-section-end\"><\/span><\/h2>\n<p>El tratamiento del mareo depende de su etiolog\u00eda e incluye varios enfoques:<\/p><script data-noptimize=\"\" data-wpfc-render=\"false\">\nfpm_start( \"true\" );\n<\/script>\n\n<ul>\n<li>Tratamiento general: incluye recomendaciones de cambios de estilo de vida, ejercicio y terapia de rehabilitaci\u00f3n.<\/li>\n<li>Tratamiento farmacol\u00f3gico: Se prescriben f\u00e1rmacos antivestibulares como diazepam, betahistina o antihistam\u00ednicos.<\/li>\n<li>Cirug\u00eda: puede ser necesaria en casos de tumores o cambios estructurales importantes.<\/li>\n<li>Otros tratamientos incluyen terapia manual, fisioterapia y programas espec\u00edficos de rehabilitaci\u00f3n vestibular.<\/li>\n<\/ul>\n<p>El tratamiento adecuado debe ser individualizado y realizado bajo la supervisi\u00f3n de un especialista.<\/p>\n<h2><span class=\"ez-toc-section\" id=\"%D0%A1%D0%BF%D0%B8%D1%81%D0%BE%D0%BA_%D0%BB%D0%B5%D0%BA%D0%B0%D1%80%D1%81%D1%82%D0%B2_%D0%BF%D1%80%D0%B8%D0%BC%D0%B5%D0%BD%D1%8F%D0%B5%D0%BC%D1%8B%D1%85_%D0%B4%D0%BB%D1%8F_%D0%BB%D0%B5%D1%87%D0%B5%D0%BD%D0%B8%D1%8F_%D0%B4%D0%B0%D0%BD%D0%BD%D0%BE%D0%B3%D0%BE_%D0%B7%D0%B0%D0%B1%D0%BE%D0%BB%D0%B5%D0%B2%D0%B0%D0%BD%D0%B8%D1%8F\"><\/span>Lista de medicamentos utilizados para tratar esta enfermedad.<span class=\"ez-toc-section-end\"><\/span><\/h2>\n<p>Entre los principales grupos de f\u00e1rmacos utilizados para tratar los mareos se encuentran:<\/p>\n<ul>\n<li>Antihistam\u00ednicos: dimenhidridato, meclozina.<\/li>\n<li>F\u00e1rmacos vasculares: betahistina, vinpocetina.<\/li>\n<li>Benzodiazepinas: diazepam, lorazepam.<\/li>\n<li>Antidepresivos: recetados para trastornos de ansiedad concomitantes.<\/li>\n<li>Medicamentos antiinflamatorios no esteroides: para aliviar el dolor en afecciones relacionadas.<\/li>\n<\/ul>\n<p>Estos medicamentos ayudar\u00e1n a aliviar los s\u00edntomas y mejorar\u00e1n la calidad de vida de los pacientes.<\/p>\n<h2><span class=\"ez-toc-section\" id=\"%D0%9C%D0%BE%D0%BD%D0%B8%D1%82%D0%BE%D1%80%D0%B8%D0%BD%D0%B3_%D0%B7%D0%B0%D0%B1%D0%BE%D0%BB%D0%B5%D0%B2%D0%B0%D0%BD%D0%B8%D1%8F\"><\/span>Monitoreo de enfermedades<span class=\"ez-toc-section-end\"><\/span><\/h2>\n<p>El seguimiento del estado del paciente debe incluir:<\/p>\n<ul>\n<li>Ex\u00e1menes peri\u00f3dicos por parte de un especialista para evaluar la din\u00e1mica de la enfermedad.<\/li>\n<li>Seguimiento de funciones vitales y estado general.<\/li>\n<li>Valorar la eficacia del tratamiento prescrito y ajustar el plan terap\u00e9utico si fuera necesario.<\/li>\n<li>Apoyo psicol\u00f3gico si la enfermedad afecta al estado emocional del paciente.<\/li>\n<\/ul>\n<p>El pron\u00f3stico generalmente depende de la causa del mareo, pero con un diagn\u00f3stico y tratamiento adecuados, muchos pacientes lo controlan de manera efectiva. Las posibles complicaciones pueden incluir p\u00e9rdida de actividad f\u00edsica, riesgo de ca\u00eddas y problemas de equilibrio.<\/p>\n<h2><span class=\"ez-toc-section\" id=\"%D0%92%D0%BE%D0%B7%D1%80%D0%B0%D1%81%D1%82%D0%BD%D1%8B%D0%B5_%D0%BE%D1%81%D0%BE%D0%B1%D0%B5%D0%BD%D0%BD%D0%BE%D1%81%D1%82%D0%B8_%D0%B7%D0%B0%D0%B1%D0%BE%D0%BB%D0%B5%D0%B2%D0%B0%D0%BD%D0%B8%D1%8F\"><\/span>Caracter\u00edsticas de la enfermedad relacionadas con la edad.<span class=\"ez-toc-section-end\"><\/span><\/h2>\n<p>Los mareos pueden manifestarse de manera diferente en diferentes grupos de edad:<\/p>\n<ul>\n<li>En ni\u00f1os: Puede estar asociado con trastornos vestibulares o infecciones de o\u00eddo.<\/li>\n<li>En poblaci\u00f3n m\u00e1s joven: puede estar asociado a migra\u00f1a, estr\u00e9s o sobrecarga.<\/li>\n<li>En adultos mayores: a menudo se asocia con afecciones m\u00e9dicas subyacentes y p\u00e9rdida de audici\u00f3n.<\/li>\n<\/ul>\n<p>Las caracter\u00edsticas del curso y las manifestaciones pueden variar significativamente seg\u00fan la edad y el estado de salud general del paciente.<\/p>\n<h2><span class=\"ez-toc-section\" id=\"%D0%92%D0%BE%D0%BF%D1%80%D0%BE%D1%81%D1%8B_%D0%B8_%D0%BE%D1%82%D0%B2%D0%B5%D1%82%D1%8B\"><\/span>Preguntas y respuestas<span class=\"ez-toc-section-end\"><\/span><\/h2>\n<ul>\n<li><strong>\u00bfCu\u00e1les son las principales causas de los mareos?<\/strong> Las causas subyacentes pueden estar relacionadas con enfermedades del o\u00eddo, trastornos neurol\u00f3gicos, problemas con el sistema vestibular o incluso factores psic\u00f3genos.<\/li>\n<li><strong>\u00bfCu\u00e1ndo debe consultar a un m\u00e9dico si tiene mareos?<\/strong> Debe consultar a un m\u00e9dico si sus mareos empeoran, se acompa\u00f1an de p\u00e9rdida del conocimiento o dificultad para hablar o moverse.<\/li>\n<li><strong>\u00bfPueden ser peligrosos los mareos?<\/strong> S\u00ed, los mareos pueden provocar ca\u00eddas y lesiones, especialmente en adultos mayores, y a menudo indican afecciones m\u00e9dicas graves.<\/li>\n<li><strong>\u00bfC\u00f3mo se diagnostica el mareo?<\/strong> Para diagnosticar los mareos se utiliza la anamnesis, la exploraci\u00f3n f\u00edsica, pruebas de laboratorio y radiol\u00f3gicas.<\/li>\n<li><strong>\u00bfQu\u00e9 hacer para prevenir los mareos?<\/strong> La prevenci\u00f3n incluye mantener un estilo de vida saludable, controlar las enfermedades cr\u00f3nicas y evitar movimientos bruscos.<\/li>\n<\/ul>\n<div class=\"fpm_end\"><\/div>","protected":false},"excerpt":{"rendered":"<p>El mareo es una sensaci\u00f3n subjetiva de alteraci\u00f3n de la orientaci\u00f3n espacial, a menudo acompa\u00f1ada de un estado de inestabilidad, debilidad y posibles alteraciones vestibulares. este fen\u00f3meno<\/p>","protected":false},"author":1,"featured_media":0,"comment_status":"open","ping_status":"","sticky":false,"template":"","format":"standard","meta":{"footnotes":""},"categories":[298],"tags":[],"class_list":["post-13326","post","type-post","status-publish","format-standard","hentry","category-medlibrary"],"_links":{"self":[{"href":"https:\/\/valintermed.com\/es\/wp-json\/wp\/v2\/posts\/13326","targetHints":{"allow":["GET"]}}],"collection":[{"href":"https:\/\/valintermed.com\/es\/wp-json\/wp\/v2\/posts"}],"about":[{"href":"https:\/\/valintermed.com\/es\/wp-json\/wp\/v2\/types\/post"}],"author":[{"embeddable":true,"href":"https:\/\/valintermed.com\/es\/wp-json\/wp\/v2\/users\/1"}],"replies":[{"embeddable":true,"href":"https:\/\/valintermed.com\/es\/wp-json\/wp\/v2\/comments?post=13326"}],"version-history":[{"count":1,"href":"https:\/\/valintermed.com\/es\/wp-json\/wp\/v2\/posts\/13326\/revisions"}],"predecessor-version":[{"id":13592,"href":"https:\/\/valintermed.com\/es\/wp-json\/wp\/v2\/posts\/13326\/revisions\/13592"}],"wp:attachment":[{"href":"https:\/\/valintermed.com\/es\/wp-json\/wp\/v2\/media?parent=13326"}],"wp:term":[{"taxonomy":"category","embeddable":true,"href":"https:\/\/valintermed.com\/es\/wp-json\/wp\/v2\/categories?post=13326"},{"taxonomy":"post_tag","embeddable":true,"href":"https:\/\/valintermed.com\/es\/wp-json\/wp\/v2\/tags?post=13326"}],"curies":[{"name":"wp","href":"https:\/\/api.w.org\/{rel}","templated":true}]}}