{"id":13038,"date":"2024-08-23T06:16:25","date_gmt":"2024-08-23T04:16:25","guid":{"rendered":"https:\/\/valintermed.com\/?p=13038"},"modified":"2024-08-23T06:16:25","modified_gmt":"2024-08-23T04:16:25","slug":"spasticheskaya-disfoniya","status":"publish","type":"post","link":"https:\/\/valintermed.com\/es\/medlibrary\/spasticheskaya-disfoniya\/","title":{"rendered":"disfon\u00eda espasm\u00f3dica"},"content":{"rendered":"<div class=\"fpm_start\"><\/div>\n<p>La disfon\u00eda espasm\u00f3dica es un trastorno neurol\u00f3gico caracterizado por una alteraci\u00f3n de la pronunciaci\u00f3n que se produce debido a contracciones involuntarias de las cuerdas vocales y los m\u00fasculos circundantes. Esto da como resultado una calidad de voz anormal que puede ser ronca, ronca o ceceante, as\u00ed como dificultad al intentar hablar. La disfon\u00eda espasm\u00f3dica puede manifestarse tanto durante el habla individual como durante la comunicaci\u00f3n, lo que afecta significativamente la calidad de vida de los pacientes y su interacci\u00f3n social. Esta enfermedad suele clasificarse como diston\u00eda, ya que su principal manifestaci\u00f3n son las alteraciones motoras involuntarias que afectan la zona de la laringe y el aparato vocal. <\/p>\n<div id=\"ez-toc-container\" class=\"ez-toc-v2_0_86 counter-flat ez-toc-counter ez-toc-light-blue ez-toc-container-direction\">\n<div class=\"ez-toc-title-container\">\n<p class=\"ez-toc-title\" style=\"cursor:inherit\">Contenido<\/p>\n<span class=\"ez-toc-title-toggle\"><a href=\"#\" class=\"ez-toc-pull-right ez-toc-btn ez-toc-btn-xs ez-toc-btn-default ez-toc-toggle\" aria-label=\"Pesta\u00f1a de contenido alternativo\"><span class=\"ez-toc-js-icon-con\"><span class=\"\"><span class=\"eztoc-hide\" style=\"display:none;\">Palanca<\/span><span class=\"ez-toc-icon-toggle-span\"><svg style=\"fill: #999;color:#999\" xmlns=\"http:\/\/www.w3.org\/2000\/svg\" class=\"list-377408\" width=\"20px\" height=\"20px\" viewbox=\"0 0 24 24\" fill=\"none\"><path d=\"M6 6H4v2h2V6zm14 0H8v2h12V6zM4 11h2v2H4v-2zm16 0H8v2h12v-2zM4 16h2v2H4v-2zm16 0H8v2h12v-2z\" fill=\"currentColor\"><\/path><\/svg><svg style=\"fill: #999;color:#999\" class=\"arrow-unsorted-368013\" xmlns=\"http:\/\/www.w3.org\/2000\/svg\" width=\"10px\" height=\"10px\" viewbox=\"0 0 24 24\" version=\"1.2\" baseprofile=\"tiny\"><path d=\"M18.2 9.3l-6.2-6.3-6.2 6.3c-.2.2-.3.4-.3.7s.1.5.3.7c.2.2.4.3.7.3h11c.3 0 .5-.1.7-.3.2-.2.3-.5.3-.7s-.1-.5-.3-.7zM5.8 14.7l6.2 6.3 6.2-6.3c.2-.2.3-.5.3-.7s-.1-.5-.3-.7c-.2-.2-.4-.3-.7-.3h-11c-.3 0-.5.1-.7.3-.2.2-.3.5-.3.7s.1.5.3.7z\"\/><\/svg><\/span><\/span><\/span><\/a><\/span><\/div>\n<nav><ul class='ez-toc-list ez-toc-list-level-1 eztoc-toggle-hide-by-default' ><li class='ez-toc-page-1'><a class=\"ez-toc-link ez-toc-heading-1\" href=\"https:\/\/valintermed.com\/es\/medlibrary\/spasticheskaya-disfoniya\/#%D0%98%D1%81%D1%82%D0%BE%D1%80%D0%B8%D1%8F_%D0%B7%D0%B0%D0%B1%D0%BE%D0%BB%D0%B5%D0%B2%D0%B0%D0%BD%D0%B8%D1%8F_%D0%B8_%D0%B8%D0%BD%D1%82%D0%B5%D1%80%D0%B5%D1%81%D0%BD%D1%8B%D0%B5_%D0%B8%D1%81%D1%82%D0%BE%D1%80%D0%B8%D1%87%D0%B5%D1%81%D0%BA%D0%B8%D0%B5_%D1%84%D0%B0%D0%BA%D1%82%D1%8B\" >Historia de la enfermedad y hechos hist\u00f3ricos interesantes.<\/a><\/li><li class='ez-toc-page-1'><a class=\"ez-toc-link ez-toc-heading-2\" href=\"https:\/\/valintermed.com\/es\/medlibrary\/spasticheskaya-disfoniya\/#%D0%AD%D0%BF%D0%B8%D0%B4%D0%B5%D0%BC%D0%B8%D0%BE%D0%BB%D0%BE%D0%B3%D0%B8%D1%8F\" >Epidemiolog\u00eda<\/a><\/li><li class='ez-toc-page-1'><a class=\"ez-toc-link ez-toc-heading-3\" href=\"https:\/\/valintermed.com\/es\/medlibrary\/spasticheskaya-disfoniya\/#%D0%93%D0%B5%D0%BD%D0%B5%D1%82%D0%B8%D1%87%D0%B5%D1%81%D0%BA%D0%B0%D1%8F_%D0%BF%D1%80%D0%B5%D0%B4%D1%80%D0%B0%D1%81%D0%BF%D0%BE%D0%BB%D0%BE%D0%B6%D0%B5%D0%BD%D0%BD%D0%BE%D1%81%D1%82%D1%8C_%D0%BA_%D0%B4%D0%B0%D0%BD%D0%BD%D0%BE%D0%BC%D1%83_%D0%B7%D0%B0%D0%B1%D0%BE%D0%BB%D0%B5%D0%B2%D0%B0%D0%BD%D0%B8%D1%8E\" >Predisposici\u00f3n gen\u00e9tica a esta enfermedad.<\/a><\/li><li class='ez-toc-page-1'><a class=\"ez-toc-link ez-toc-heading-4\" href=\"https:\/\/valintermed.com\/es\/medlibrary\/spasticheskaya-disfoniya\/#%D0%A4%D0%B0%D0%BA%D1%82%D0%BE%D1%80%D1%8B_%D1%80%D0%B8%D1%81%D0%BA%D0%B0_%D0%B2%D0%BE%D0%B7%D0%BD%D0%B8%D0%BA%D0%BD%D0%BE%D0%B2%D0%B5%D0%BD%D0%B8%D1%8F_%D0%B4%D0%B0%D0%BD%D0%BD%D0%BE%D0%B3%D0%BE_%D0%B7%D0%B0%D0%B1%D0%BE%D0%BB%D0%B5%D0%B2%D0%B0%D0%BD%D0%B8%D1%8F\" >Factores de riesgo de esta enfermedad.<\/a><\/li><li class='ez-toc-page-1'><a class=\"ez-toc-link ez-toc-heading-5\" href=\"https:\/\/valintermed.com\/es\/medlibrary\/spasticheskaya-disfoniya\/#%D0%94%D0%B8%D0%B0%D0%B3%D0%BD%D0%BE%D1%81%D1%82%D0%B8%D0%BA%D0%B0_%D0%B4%D0%B0%D0%BD%D0%BD%D0%BE%D0%B3%D0%BE_%D0%B7%D0%B0%D0%B1%D0%BE%D0%BB%D0%B5%D0%B2%D0%B0%D0%BD%D0%B8%D1%8F\" >Diagn\u00f3stico de esta enfermedad.<\/a><\/li><li class='ez-toc-page-1'><a class=\"ez-toc-link ez-toc-heading-6\" href=\"https:\/\/valintermed.com\/es\/medlibrary\/spasticheskaya-disfoniya\/#%D0%9B%D0%B5%D1%87%D0%B5%D0%BD%D0%B8%D0%B5\" >Tratamiento<\/a><\/li><li class='ez-toc-page-1'><a class=\"ez-toc-link ez-toc-heading-7\" href=\"https:\/\/valintermed.com\/es\/medlibrary\/spasticheskaya-disfoniya\/#%D0%A1%D0%BF%D0%B8%D1%81%D0%BE%D0%BA_%D0%BB%D0%B5%D0%BA%D0%B0%D1%80%D1%81%D1%82%D0%B2_%D0%BF%D1%80%D0%B8%D0%BC%D0%B5%D0%BD%D1%8F%D0%B5%D0%BC%D1%8B%D1%85_%D0%B4%D0%BB%D1%8F_%D0%BB%D0%B5%D1%87%D0%B5%D0%BD%D0%B8%D1%8F_%D0%B4%D0%B0%D0%BD%D0%BD%D0%BE%D0%B3%D0%BE_%D0%B7%D0%B0%D0%B1%D0%BE%D0%BB%D0%B5%D0%B2%D0%B0%D0%BD%D0%B8%D1%8F\" >Lista de medicamentos utilizados para tratar esta enfermedad.<\/a><\/li><li class='ez-toc-page-1'><a class=\"ez-toc-link ez-toc-heading-8\" href=\"https:\/\/valintermed.com\/es\/medlibrary\/spasticheskaya-disfoniya\/#%D0%9C%D0%BE%D0%BD%D0%B8%D1%82%D0%BE%D1%80%D0%B8%D0%BD%D0%B3_%D0%B7%D0%B0%D0%B1%D0%BE%D0%BB%D0%B5%D0%B2%D0%B0%D0%BD%D0%B8%D1%8F\" >Monitoreo de enfermedades<\/a><\/li><li class='ez-toc-page-1'><a class=\"ez-toc-link ez-toc-heading-9\" href=\"https:\/\/valintermed.com\/es\/medlibrary\/spasticheskaya-disfoniya\/#%D0%92%D0%BE%D0%B7%D1%80%D0%B0%D1%81%D1%82%D0%BD%D1%8B%D0%B5_%D0%BE%D1%81%D0%BE%D0%B1%D0%B5%D0%BD%D0%BD%D0%BE%D1%81%D1%82%D0%B8_%D0%B7%D0%B0%D0%B1%D0%BE%D0%BB%D0%B5%D0%B2%D0%B0%D0%BD%D0%B8%D1%8F\" >Caracter\u00edsticas de la enfermedad relacionadas con la edad.<\/a><\/li><li class='ez-toc-page-1'><a class=\"ez-toc-link ez-toc-heading-10\" href=\"https:\/\/valintermed.com\/es\/medlibrary\/spasticheskaya-disfoniya\/#%D0%92%D0%BE%D0%BF%D1%80%D0%BE%D1%81%D1%8B_%D0%B8_%D0%BE%D1%82%D0%B2%D0%B5%D1%82%D1%8B\" >Preguntas y respuestas<\/a><\/li><\/ul><\/nav><\/div>\n<h2><span class=\"ez-toc-section\" id=\"%D0%98%D1%81%D1%82%D0%BE%D1%80%D0%B8%D1%8F_%D0%B7%D0%B0%D0%B1%D0%BE%D0%BB%D0%B5%D0%B2%D0%B0%D0%BD%D0%B8%D1%8F_%D0%B8_%D0%B8%D0%BD%D1%82%D0%B5%D1%80%D0%B5%D1%81%D0%BD%D1%8B%D0%B5_%D0%B8%D1%81%D1%82%D0%BE%D1%80%D0%B8%D1%87%D0%B5%D1%81%D0%BA%D0%B8%D0%B5_%D1%84%D0%B0%D0%BA%D1%82%D1%8B\"><\/span>Historia de la enfermedad y hechos hist\u00f3ricos interesantes.<span class=\"ez-toc-section-end\"><\/span><\/h2>\n<p>La disfon\u00eda espasm\u00f3dica se describi\u00f3 por primera vez en la literatura m\u00e9dica como un trastorno espec\u00edfico de la voz a finales del siglo XIX. Uno de los primeros casos fue documentado por el neur\u00f3logo alem\u00e1n Karl Wilhelm Trepo, quien not\u00f3 el fen\u00f3meno de la contracci\u00f3n involuntaria de las cuerdas vocales en sus pacientes. Con el tiempo, la disfon\u00eda espasm\u00f3dica ha atra\u00eddo la atenci\u00f3n de muchos especialistas, incluidos otorrinolaring\u00f3logos, neur\u00f3logos y logopedas. En la d\u00e9cada de 1980, comenzaron a utilizarse activamente m\u00e9todos de tratamiento, incluida la terapia botul\u00ednica, lo que dio un nuevo impulso al campo de la rehabilitaci\u00f3n de pacientes con este trastorno. Curiosamente, durante el siglo XX, la tecnolog\u00eda para diagnosticar y tratar la disfon\u00eda espasm\u00f3dica experiment\u00f3 cambios significativos, permitiendo una mejor comprensi\u00f3n de los mecanismos de la enfermedad.<\/p>\n<h2><span class=\"ez-toc-section\" id=\"%D0%AD%D0%BF%D0%B8%D0%B4%D0%B5%D0%BC%D0%B8%D0%BE%D0%BB%D0%BE%D0%B3%D0%B8%D1%8F\"><\/span>Epidemiolog\u00eda<span class=\"ez-toc-section-end\"><\/span><\/h2>\n<p>Seg\u00fan estudios epidemiol\u00f3gicos, la prevalencia de disfon\u00eda espasm\u00f3dica es de aproximadamente 1-2 casos por cada 1000 personas. La enfermedad se presenta tanto en hombres como en mujeres, con un ligero predominio entre estas \u00faltimas. La incidencia puede aumentar con la edad, generalmente comenzando entre los 30 y 40 a\u00f1os. Los grupos de riesgo incluyen personas que trabajan en profesiones con uso intensivo de voz, como profesores, cantantes y actores. Un aspecto importante es que el n\u00famero de casos de disfon\u00eda espasm\u00f3dica se mantiene estable a pesar de las mejoras en el diagn\u00f3stico y el acceso a los servicios m\u00e9dicos.<\/p>\n<h2><span class=\"ez-toc-section\" id=\"%D0%93%D0%B5%D0%BD%D0%B5%D1%82%D0%B8%D1%87%D0%B5%D1%81%D0%BA%D0%B0%D1%8F_%D0%BF%D1%80%D0%B5%D0%B4%D1%80%D0%B0%D1%81%D0%BF%D0%BE%D0%BB%D0%BE%D0%B6%D0%B5%D0%BD%D0%BD%D0%BE%D1%81%D1%82%D1%8C_%D0%BA_%D0%B4%D0%B0%D0%BD%D0%BD%D0%BE%D0%BC%D1%83_%D0%B7%D0%B0%D0%B1%D0%BE%D0%BB%D0%B5%D0%B2%D0%B0%D0%BD%D0%B8%D1%8E\"><\/span>Predisposici\u00f3n gen\u00e9tica a esta enfermedad.<span class=\"ez-toc-section-end\"><\/span><\/h2>\n<p>Los estudios de predisposici\u00f3n gen\u00e9tica a la disfon\u00eda espasm\u00f3dica indican la posible implicaci\u00f3n de genes como DYT6, DYT11 y otros responsables de la regulaci\u00f3n de las funciones motoras. Hasta la fecha, se ha demostrado que las mutaciones en estos genes pueden estar asociadas con el desarrollo de diston\u00eda, incluida la disfon\u00eda espasm\u00f3dica. Las investigaciones muestran que alrededor de 201 pacientes TP3T con disfon\u00eda espasm\u00f3dica tienen antecedentes familiares de diston\u00eda, lo que puede indicar una herencia autos\u00f3mica dominante. Sin embargo, los factores gen\u00e9ticos no son los \u00fanicos factores determinantes, y los factores ambientales y de otro tipo desempe\u00f1an un papel importante.<\/p>\n<h2><span class=\"ez-toc-section\" id=\"%D0%A4%D0%B0%D0%BA%D1%82%D0%BE%D1%80%D1%8B_%D1%80%D0%B8%D1%81%D0%BA%D0%B0_%D0%B2%D0%BE%D0%B7%D0%BD%D0%B8%D0%BA%D0%BD%D0%BE%D0%B2%D0%B5%D0%BD%D0%B8%D1%8F_%D0%B4%D0%B0%D0%BD%D0%BD%D0%BE%D0%B3%D0%BE_%D0%B7%D0%B0%D0%B1%D0%BE%D0%BB%D0%B5%D0%B2%D0%B0%D0%BD%D0%B8%D1%8F\"><\/span>Factores de riesgo de esta enfermedad.<span class=\"ez-toc-section-end\"><\/span><\/h2>\n<p>Los factores de riesgo de disfon\u00eda espasm\u00f3dica son variados y pueden incluirse en las siguientes categor\u00edas:<\/p>\n<ul>\n<li>Factores f\u00edsicos: uso prolongado y excesivo de la voz, tensi\u00f3n excesiva de las cuerdas vocales.<\/li>\n<li>Factores qu\u00edmicos: exposici\u00f3n a sustancias t\u00f3xicas o irritantes qu\u00edmicos de las cuerdas vocales, como el humo del tabaco.<\/li>\n<li>Factores psicol\u00f3gicos: el estr\u00e9s emocional y el trauma psicol\u00f3gico pueden exacerbar los s\u00edntomas de la enfermedad.<\/li>\n<li>Trastornos neurol\u00f3gicos: la presencia de otras diston\u00edas o enfermedades neurol\u00f3gicas puede aumentar el riesgo de disfon\u00eda espasm\u00f3dica.<\/li>\n<\/ul>\n<h2><span class=\"ez-toc-section\" id=\"%D0%94%D0%B8%D0%B0%D0%B3%D0%BD%D0%BE%D1%81%D1%82%D0%B8%D0%BA%D0%B0_%D0%B4%D0%B0%D0%BD%D0%BD%D0%BE%D0%B3%D0%BE_%D0%B7%D0%B0%D0%B1%D0%BE%D0%BB%D0%B5%D0%B2%D0%B0%D0%BD%D0%B8%D1%8F\"><\/span>Diagn\u00f3stico de esta enfermedad.<span class=\"ez-toc-section-end\"><\/span><\/h2>\n<p>El diagn\u00f3stico de disfon\u00eda espasm\u00f3dica implica varios pasos clave. Los principales s\u00edntomas de la enfermedad incluyen:<\/p>\n<ul>\n<li>Voz ronca y entrecortada.<\/li>\n<li>Dificultad para pronunciar ciertos sonidos o palabras.<\/li>\n<li>Tensi\u00f3n involuntaria en el cuello y la laringe durante el habla.<\/li>\n<\/ul>\n<p>Es posible que se soliciten pruebas de laboratorio para descartar infecciones, inflamaci\u00f3n u otras enfermedades. Se pueden utilizar ex\u00e1menes radiol\u00f3gicos, como la resonancia magn\u00e9tica, para visualizar cambios estructurales en la laringe. Otros diagn\u00f3sticos pueden incluir un examen endosc\u00f3pico para evaluar el estado de las cuerdas vocales. El diagn\u00f3stico diferencial incluye la exclusi\u00f3n de enfermedades como el laringoespasmo, la fibrosis de las cuerdas vocales y otros trastornos neurol\u00f3gicos.<\/p>\n<h2><span class=\"ez-toc-section\" id=\"%D0%9B%D0%B5%D1%87%D0%B5%D0%BD%D0%B8%D0%B5\"><\/span>Tratamiento<span class=\"ez-toc-section-end\"><\/span><\/h2>\n<p>El tratamiento de la disfon\u00eda espasm\u00f3dica puede ser complejo y de varios niveles. Los m\u00e9todos conservadores incluyen:<\/p>\n<ul>\n<li>Tratamiento farmacol\u00f3gico, que incluye toxina botul\u00ednica para paralizar temporalmente los m\u00fasculos que causan los espasmos.<\/li>\n<li>Logopedia dirigida a mejorar la t\u00e9cnica del habla y relajar los m\u00fasculos de la laringe.<\/li>\n<li>Fisioterapia para mejorar la coordinaci\u00f3n general y reducir la tensi\u00f3n muscular.<\/li>\n<\/ul>\n<p>En algunos casos, puede ser necesario un tratamiento quir\u00fargico cuando los m\u00e9todos conservadores no son efectivos. Las intervenciones quir\u00fargicas pueden incluir operaciones en las cuerdas vocales para eliminar su hipertonicidad. Actualmente se est\u00e1n investigando nuevos tratamientos, como la transferencia celular.<\/p><script data-noptimize=\"\" data-wpfc-render=\"false\">\nfpm_start( \"true\" );\n<\/script>\n\n<h2><span class=\"ez-toc-section\" id=\"%D0%A1%D0%BF%D0%B8%D1%81%D0%BE%D0%BA_%D0%BB%D0%B5%D0%BA%D0%B0%D1%80%D1%81%D1%82%D0%B2_%D0%BF%D1%80%D0%B8%D0%BC%D0%B5%D0%BD%D1%8F%D0%B5%D0%BC%D1%8B%D1%85_%D0%B4%D0%BB%D1%8F_%D0%BB%D0%B5%D1%87%D0%B5%D0%BD%D0%B8%D1%8F_%D0%B4%D0%B0%D0%BD%D0%BD%D0%BE%D0%B3%D0%BE_%D0%B7%D0%B0%D0%B1%D0%BE%D0%BB%D0%B5%D0%B2%D0%B0%D0%BD%D0%B8%D1%8F\"><\/span>Lista de medicamentos utilizados para tratar esta enfermedad.<span class=\"ez-toc-section-end\"><\/span><\/h2>\n<p>Los principales f\u00e1rmacos utilizados para tratar la disfon\u00eda espasm\u00f3dica incluyen:<\/p>\n<ul>\n<li>Toxinas botul\u00ednicas tipo A (p. ej., Botox, Dysport).<\/li>\n<li>Antidepresivos (para reducir el estr\u00e9s y mejorar el estado de \u00e1nimo).<\/li>\n<li>Relajantes musculares (para reducir la tensi\u00f3n muscular).<\/li>\n<\/ul>\n<p>Las dosis y los reg\u00edmenes de tratamiento se seleccionan individualmente seg\u00fan la gravedad de la enfermedad y la respuesta a la terapia.<\/p>\n<h2><span class=\"ez-toc-section\" id=\"%D0%9C%D0%BE%D0%BD%D0%B8%D1%82%D0%BE%D1%80%D0%B8%D0%BD%D0%B3_%D0%B7%D0%B0%D0%B1%D0%BE%D0%BB%D0%B5%D0%B2%D0%B0%D0%BD%D0%B8%D1%8F\"><\/span>Monitoreo de enfermedades<span class=\"ez-toc-section-end\"><\/span><\/h2>\n<p>El seguimiento de un paciente con disfon\u00eda espasm\u00f3dica incluye pasos de seguimiento regulares, como:<\/p>\n<ul>\n<li>Evaluaci\u00f3n de la eficacia del tratamiento prescrito.<\/li>\n<li>Busque nuevos s\u00edntomas o exacerbaciones de s\u00edntomas cr\u00f3nicos.<\/li>\n<li>Consultas peri\u00f3dicas con logopeda y neur\u00f3logo.<\/li>\n<\/ul>\n<p>El pron\u00f3stico para los pacientes puede variar: algunos pueden experimentar una mejor\u00eda significativa, mientras que otros pueden experimentar s\u00edntomas persistentes o progresivos. Las complicaciones de la disfon\u00eda espasm\u00f3dica pueden incluir el desarrollo de depresi\u00f3n debido al aislamiento social y la reducci\u00f3n de la calidad de vida.<\/p>\n<h2><span class=\"ez-toc-section\" id=\"%D0%92%D0%BE%D0%B7%D1%80%D0%B0%D1%81%D1%82%D0%BD%D1%8B%D0%B5_%D0%BE%D1%81%D0%BE%D0%B1%D0%B5%D0%BD%D0%BD%D0%BE%D1%81%D1%82%D0%B8_%D0%B7%D0%B0%D0%B1%D0%BE%D0%BB%D0%B5%D0%B2%D0%B0%D0%BD%D0%B8%D1%8F\"><\/span>Caracter\u00edsticas de la enfermedad relacionadas con la edad.<span class=\"ez-toc-section-end\"><\/span><\/h2>\n<p>La disfon\u00eda espasm\u00f3dica puede manifestarse en diferentes grupos de edad y el curso de la enfermedad var\u00eda seg\u00fan la edad del paciente. En j\u00f3venes y adultos, la enfermedad puede desarrollarse m\u00e1s r\u00e1pidamente, a veces despu\u00e9s de un esfuerzo vocal intenso. En los adultos mayores, la disfon\u00eda espasm\u00f3dica puede estar asociada con otras enfermedades, como la enfermedad de Parkinson, lo que hace que el tratamiento sea m\u00e1s complejo y requiera un enfoque multidisciplinario. Es importante tener en cuenta las caracter\u00edsticas de la edad al elegir m\u00e9todos de terapia y rehabilitaci\u00f3n.<\/p>\n<h2><span class=\"ez-toc-section\" id=\"%D0%92%D0%BE%D0%BF%D1%80%D0%BE%D1%81%D1%8B_%D0%B8_%D0%BE%D1%82%D0%B2%D0%B5%D1%82%D1%8B\"><\/span>Preguntas y respuestas<span class=\"ez-toc-section-end\"><\/span><\/h2>\n<ul>\n<li><strong>\u00bfQu\u00e9 es la disfon\u00eda espasm\u00f3dica?<\/strong> La disfon\u00eda espasm\u00f3dica es un trastorno neurol\u00f3gico caracterizado por problemas con la pronunciaci\u00f3n debido a contracciones involuntarias de las cuerdas vocales.<\/li>\n<li><strong>\u00bfCu\u00e1les son las principales causas de la disfon\u00eda espasm\u00f3dica?<\/strong> Las principales causas incluyen la predisposici\u00f3n gen\u00e9tica, el uso prolongado de la voz y el estr\u00e9s.<\/li>\n<li><strong>\u00bfC\u00f3mo se diagnostica la disfon\u00eda espasm\u00f3dica?<\/strong> El diagn\u00f3stico incluye evaluaci\u00f3n de s\u00edntomas, pruebas de laboratorio, ex\u00e1menes radiol\u00f3gicos y examen endosc\u00f3pico de la laringe.<\/li>\n<li><strong>\u00bfC\u00f3mo se trata la disfon\u00eda espasm\u00f3dica?<\/strong> El tratamiento puede incluir terapia farmacol\u00f3gica, logopedia y, en algunos casos, cirug\u00eda.<\/li>\n<li><strong>\u00bfCu\u00e1l es el pron\u00f3stico para los pacientes con disfon\u00eda espasm\u00f3dica?<\/strong> El pron\u00f3stico puede variar: algunos pacientes logran una mejor\u00eda significativa, pero otros pueden experimentar s\u00edntomas persistentes.<\/li>\n<\/ul>\n<div class=\"fpm_end\"><\/div>","protected":false},"excerpt":{"rendered":"<p>La disfon\u00eda espasm\u00f3dica es un trastorno neurol\u00f3gico caracterizado por una alteraci\u00f3n de la pronunciaci\u00f3n que se produce debido a contracciones involuntarias de las cuerdas vocales y los m\u00fasculos circundantes. Este<\/p>","protected":false},"author":1,"featured_media":0,"comment_status":"open","ping_status":"","sticky":false,"template":"","format":"standard","meta":{"footnotes":""},"categories":[298],"tags":[],"class_list":["post-13038","post","type-post","status-publish","format-standard","hentry","category-medlibrary"],"_links":{"self":[{"href":"https:\/\/valintermed.com\/es\/wp-json\/wp\/v2\/posts\/13038","targetHints":{"allow":["GET"]}}],"collection":[{"href":"https:\/\/valintermed.com\/es\/wp-json\/wp\/v2\/posts"}],"about":[{"href":"https:\/\/valintermed.com\/es\/wp-json\/wp\/v2\/types\/post"}],"author":[{"embeddable":true,"href":"https:\/\/valintermed.com\/es\/wp-json\/wp\/v2\/users\/1"}],"replies":[{"embeddable":true,"href":"https:\/\/valintermed.com\/es\/wp-json\/wp\/v2\/comments?post=13038"}],"version-history":[{"count":1,"href":"https:\/\/valintermed.com\/es\/wp-json\/wp\/v2\/posts\/13038\/revisions"}],"predecessor-version":[{"id":13883,"href":"https:\/\/valintermed.com\/es\/wp-json\/wp\/v2\/posts\/13038\/revisions\/13883"}],"wp:attachment":[{"href":"https:\/\/valintermed.com\/es\/wp-json\/wp\/v2\/media?parent=13038"}],"wp:term":[{"taxonomy":"category","embeddable":true,"href":"https:\/\/valintermed.com\/es\/wp-json\/wp\/v2\/categories?post=13038"},{"taxonomy":"post_tag","embeddable":true,"href":"https:\/\/valintermed.com\/es\/wp-json\/wp\/v2\/tags?post=13038"}],"curies":[{"name":"wp","href":"https:\/\/api.w.org\/{rel}","templated":true}]}}