{"id":11670,"date":"2025-07-26T07:26:12","date_gmt":"2025-07-26T05:26:12","guid":{"rendered":"https:\/\/valintermed.com\/?p=11670"},"modified":"2025-07-26T07:26:12","modified_gmt":"2025-07-26T05:26:12","slug":"bolezn-kolera","status":"publish","type":"post","link":"https:\/\/valintermed.com\/es\/medlibrary\/enfermedad-del-color\/","title":{"rendered":"enfermedad de Kohler"},"content":{"rendered":"<div class=\"fpm_start\"><\/div>\n<p>El c\u00f3lera, una enfermedad infecciosa aguda causada por Vibrio cholerae, se caracteriza por diarrea intensa, v\u00f3mitos y deshidrataci\u00f3n significativa. El principal mecanismo de transmisi\u00f3n es la v\u00eda feco-oral, siendo la ingesti\u00f3n de agua y alimentos contaminados los principales factores de riesgo de infecci\u00f3n. El c\u00f3lera representa una amenaza significativa para la salud p\u00fablica, especialmente en entornos con saneamiento deficiente y acceso limitado a agua potable. La evoluci\u00f3n cl\u00ednica de la enfermedad puede variar de asintom\u00e1tica a grave, lo que la hace especialmente peligrosa en situaciones epid\u00e9micas. <\/p>\n<div id=\"ez-toc-container\" class=\"ez-toc-v2_0_86 counter-flat ez-toc-counter ez-toc-light-blue ez-toc-container-direction\">\n<div class=\"ez-toc-title-container\">\n<p class=\"ez-toc-title\" style=\"cursor:inherit\">Contenido<\/p>\n<span class=\"ez-toc-title-toggle\"><a href=\"#\" class=\"ez-toc-pull-right ez-toc-btn ez-toc-btn-xs ez-toc-btn-default ez-toc-toggle\" aria-label=\"Pesta\u00f1a de contenido alternativo\"><span class=\"ez-toc-js-icon-con\"><span class=\"\"><span class=\"eztoc-hide\" style=\"display:none;\">Palanca<\/span><span class=\"ez-toc-icon-toggle-span\"><svg style=\"fill: #999;color:#999\" xmlns=\"http:\/\/www.w3.org\/2000\/svg\" class=\"list-377408\" width=\"20px\" height=\"20px\" viewbox=\"0 0 24 24\" fill=\"none\"><path d=\"M6 6H4v2h2V6zm14 0H8v2h12V6zM4 11h2v2H4v-2zm16 0H8v2h12v-2zM4 16h2v2H4v-2zm16 0H8v2h12v-2z\" fill=\"currentColor\"><\/path><\/svg><svg style=\"fill: #999;color:#999\" class=\"arrow-unsorted-368013\" xmlns=\"http:\/\/www.w3.org\/2000\/svg\" width=\"10px\" height=\"10px\" viewbox=\"0 0 24 24\" version=\"1.2\" baseprofile=\"tiny\"><path d=\"M18.2 9.3l-6.2-6.3-6.2 6.3c-.2.2-.3.4-.3.7s.1.5.3.7c.2.2.4.3.7.3h11c.3 0 .5-.1.7-.3.2-.2.3-.5.3-.7s-.1-.5-.3-.7zM5.8 14.7l6.2 6.3 6.2-6.3c.2-.2.3-.5.3-.7s-.1-.5-.3-.7c-.2-.2-.4-.3-.7-.3h-11c-.3 0-.5.1-.7.3-.2.2-.3.5-.3.7s.1.5.3.7z\"\/><\/svg><\/span><\/span><\/span><\/a><\/span><\/div>\n<nav><ul class='ez-toc-list ez-toc-list-level-1 eztoc-toggle-hide-by-default' ><li class='ez-toc-page-1'><a class=\"ez-toc-link ez-toc-heading-1\" href=\"https:\/\/valintermed.com\/es\/medlibrary\/enfermedad-del-color\/#%D0%98%D1%81%D1%82%D0%BE%D1%80%D0%B8%D1%8F_%D0%B7%D0%B0%D0%B1%D0%BE%D0%BB%D0%B5%D0%B2%D0%B0%D0%BD%D0%B8%D1%8F_%D0%B8_%D0%B8%D0%BD%D1%82%D0%B5%D1%80%D0%B5%D1%81%D0%BD%D1%8B%D0%B5_%D0%B8%D1%81%D1%82%D0%BE%D1%80%D0%B8%D1%87%D0%B5%D1%81%D0%BA%D0%B8%D0%B5_%D1%84%D0%B0%D0%BA%D1%82%D1%8B\" >Historia de la enfermedad y hechos hist\u00f3ricos interesantes.<\/a><\/li><li class='ez-toc-page-1'><a class=\"ez-toc-link ez-toc-heading-2\" href=\"https:\/\/valintermed.com\/es\/medlibrary\/enfermedad-del-color\/#%D0%AD%D0%BF%D0%B8%D0%B4%D0%B5%D0%BC%D0%B8%D0%BE%D0%BB%D0%BE%D0%B3%D0%B8%D1%8F\" >Epidemiolog\u00eda<\/a><\/li><li class='ez-toc-page-1'><a class=\"ez-toc-link ez-toc-heading-3\" href=\"https:\/\/valintermed.com\/es\/medlibrary\/enfermedad-del-color\/#%D0%93%D0%B5%D0%BD%D0%B5%D1%82%D0%B8%D1%87%D0%B5%D1%81%D0%BA%D0%B0%D1%8F_%D0%BF%D1%80%D0%B5%D0%B4%D1%80%D0%B0%D1%81%D0%BF%D0%BE%D0%BB%D0%BE%D0%B6%D0%B5%D0%BD%D0%BD%D0%BE%D1%81%D1%82%D1%8C_%D0%BA_%D0%B4%D0%B0%D0%BD%D0%BD%D0%BE%D0%BC%D1%83_%D0%B7%D0%B0%D0%B1%D0%BE%D0%BB%D0%B5%D0%B2%D0%B0%D0%BD%D0%B8%D1%8E\" >Predisposici\u00f3n gen\u00e9tica a esta enfermedad.<\/a><\/li><li class='ez-toc-page-1'><a class=\"ez-toc-link ez-toc-heading-4\" href=\"https:\/\/valintermed.com\/es\/medlibrary\/enfermedad-del-color\/#%D0%A4%D0%B0%D0%BA%D1%82%D0%BE%D1%80%D1%8B_%D1%80%D0%B8%D1%81%D0%BA%D0%B0_%D0%B2%D0%BE%D0%B7%D0%BD%D0%B8%D0%BA%D0%BD%D0%BE%D0%B2%D0%B5%D0%BD%D0%B8%D1%8F_%D0%B4%D0%B0%D0%BD%D0%BD%D0%BE%D0%B3%D0%BE_%D0%B7%D0%B0%D0%B1%D0%BE%D0%BB%D0%B5%D0%B2%D0%B0%D0%BD%D0%B8%D1%8F\" >Factores de riesgo de esta enfermedad.<\/a><\/li><li class='ez-toc-page-1'><a class=\"ez-toc-link ez-toc-heading-5\" href=\"https:\/\/valintermed.com\/es\/medlibrary\/enfermedad-del-color\/#%D0%94%D0%B8%D0%B0%D0%B3%D0%BD%D0%BE%D1%81%D1%82%D0%B8%D0%BA%D0%B0_%D0%B4%D0%B0%D0%BD%D0%BD%D0%BE%D0%B3%D0%BE_%D0%B7%D0%B0%D0%B1%D0%BE%D0%BB%D0%B5%D0%B2%D0%B0%D0%BD%D0%B8%D1%8F\" >Diagn\u00f3stico de esta enfermedad.<\/a><\/li><li class='ez-toc-page-1'><a class=\"ez-toc-link ez-toc-heading-6\" href=\"https:\/\/valintermed.com\/es\/medlibrary\/enfermedad-del-color\/#%D0%9B%D0%B5%D1%87%D0%B5%D0%BD%D0%B8%D0%B5\" >Tratamiento<\/a><\/li><li class='ez-toc-page-1'><a class=\"ez-toc-link ez-toc-heading-7\" href=\"https:\/\/valintermed.com\/es\/medlibrary\/enfermedad-del-color\/#%D0%A1%D0%BF%D0%B8%D1%81%D0%BE%D0%BA_%D0%BB%D0%B5%D0%BA%D0%B0%D1%80%D1%81%D1%82%D0%B2_%D0%BF%D1%80%D0%B8%D0%BC%D0%B5%D0%BD%D1%8F%D0%B5%D0%BC%D1%8B%D1%85_%D0%B4%D0%BB%D1%8F_%D0%BB%D0%B5%D1%87%D0%B5%D0%BD%D0%B8%D1%8F_%D0%B4%D0%B0%D0%BD%D0%BD%D0%BE%D0%B3%D0%BE_%D0%B7%D0%B0%D0%B1%D0%BE%D0%BB%D0%B5%D0%B2%D0%B0%D0%BD%D0%B8%D1%8F\" >Lista de medicamentos utilizados para tratar esta enfermedad.<\/a><\/li><li class='ez-toc-page-1'><a class=\"ez-toc-link ez-toc-heading-8\" href=\"https:\/\/valintermed.com\/es\/medlibrary\/enfermedad-del-color\/#%D0%9C%D0%BE%D0%BD%D0%B8%D1%82%D0%BE%D1%80%D0%B8%D0%BD%D0%B3_%D0%B7%D0%B0%D0%B1%D0%BE%D0%BB%D0%B5%D0%B2%D0%B0%D0%BD%D0%B8%D1%8F\" >Monitoreo de enfermedades<\/a><\/li><li class='ez-toc-page-1'><a class=\"ez-toc-link ez-toc-heading-9\" href=\"https:\/\/valintermed.com\/es\/medlibrary\/enfermedad-del-color\/#%D0%92%D0%BE%D0%B7%D1%80%D0%B0%D1%81%D1%82%D0%BD%D1%8B%D0%B5_%D0%BE%D1%81%D0%BE%D0%B1%D0%B5%D0%BD%D0%BD%D0%BE%D1%81%D1%82%D0%B8_%D0%B7%D0%B0%D0%B1%D0%BE%D0%BB%D0%B5%D0%B2%D0%B0%D0%BD%D0%B8%D1%8F\" >Caracter\u00edsticas de la enfermedad relacionadas con la edad.<\/a><\/li><li class='ez-toc-page-1'><a class=\"ez-toc-link ez-toc-heading-10\" href=\"https:\/\/valintermed.com\/es\/medlibrary\/enfermedad-del-color\/#%D0%92%D0%BE%D0%BF%D1%80%D0%BE%D1%81%D1%8B_%D0%B8_%D0%BE%D1%82%D0%B2%D0%B5%D1%82%D1%8B\" >Preguntas y respuestas<\/a><\/li><\/ul><\/nav><\/div>\n<h2><span class=\"ez-toc-section\" id=\"%D0%98%D1%81%D1%82%D0%BE%D1%80%D0%B8%D1%8F_%D0%B7%D0%B0%D0%B1%D0%BE%D0%BB%D0%B5%D0%B2%D0%B0%D0%BD%D0%B8%D1%8F_%D0%B8_%D0%B8%D0%BD%D1%82%D0%B5%D1%80%D0%B5%D1%81%D0%BD%D1%8B%D0%B5_%D0%B8%D1%81%D1%82%D0%BE%D1%80%D0%B8%D1%87%D0%B5%D1%81%D0%BA%D0%B8%D0%B5_%D1%84%D0%B0%D0%BA%D1%82%D1%8B\"><\/span>Historia de la enfermedad y hechos hist\u00f3ricos interesantes.<span class=\"ez-toc-section-end\"><\/span><\/h2>\n<p>La historia del c\u00f3lera abarca m\u00e1s de dos mil a\u00f1os e incluye numerosas epidemias que han afectado a m\u00faltiples continentes. Los primeros casos documentados de c\u00f3lera se descubrieron en la India a principios del siglo XIX, y desde entonces la enfermedad ha causado varias epidemias mundiales. La primera pandemia de c\u00f3lera comenz\u00f3 en 1817, y las posteriores oleadas de epidemias han causado la muerte de cientos de miles de personas en todo el mundo. La importancia hist\u00f3rica del c\u00f3lera condujo a la creaci\u00f3n de la Organizaci\u00f3n Mundial de la Salud, establecida para controlar las enfermedades infecciosas y prevenir brotes. Importantes investigaciones cient\u00edficas, como la de John Snow, quien estableci\u00f3 la teor\u00eda fecal-oral de la transmisi\u00f3n de enfermedades, han cambiado significativamente la comprensi\u00f3n de la enfermedad y su control.<\/p>\n<h2><span class=\"ez-toc-section\" id=\"%D0%AD%D0%BF%D0%B8%D0%B4%D0%B5%D0%BC%D0%B8%D0%BE%D0%BB%D0%BE%D0%B3%D0%B8%D1%8F\"><\/span>Epidemiolog\u00eda<span class=\"ez-toc-section-end\"><\/span><\/h2>\n<p>Seg\u00fan la Organizaci\u00f3n Mundial de la Salud, se registran anualmente entre 1,3 y 4 millones de casos de c\u00f3lera en todo el mundo, con grandes brotes en pa\u00edses en desarrollo donde las condiciones sanitarias son muy deficientes. La enfermedad se observa con mayor frecuencia en pa\u00edses con clima tropical y subtropical, especialmente en el sur y sudeste de Asia, as\u00ed como en pa\u00edses africanos. Estudios epidemiol\u00f3gicos muestran que la mayor incidencia se registra en asentamientos con acceso limitado a agua potable, higiene deficiente y falta de sistemas de saneamiento. Las epidemias tambi\u00e9n se producen debido a desastres naturales, conflictos y migraciones internas, que propician la propagaci\u00f3n sostenida de la infecci\u00f3n.<\/p>\n<h2><span class=\"ez-toc-section\" id=\"%D0%93%D0%B5%D0%BD%D0%B5%D1%82%D0%B8%D1%87%D0%B5%D1%81%D0%BA%D0%B0%D1%8F_%D0%BF%D1%80%D0%B5%D0%B4%D1%80%D0%B0%D1%81%D0%BF%D0%BE%D0%BB%D0%BE%D0%B6%D0%B5%D0%BD%D0%BD%D0%BE%D1%81%D1%82%D1%8C_%D0%BA_%D0%B4%D0%B0%D0%BD%D0%BD%D0%BE%D0%BC%D1%83_%D0%B7%D0%B0%D0%B1%D0%BE%D0%BB%D0%B5%D0%B2%D0%B0%D0%BD%D0%B8%D1%8E\"><\/span>Predisposici\u00f3n gen\u00e9tica a esta enfermedad.<span class=\"ez-toc-section-end\"><\/span><\/h2>\n<p>Se ha demostrado que la predisposici\u00f3n gen\u00e9tica al c\u00f3lera est\u00e1 determinada por varios genes asociados con la respuesta inmunitaria y los mecanismos de defensa intestinal. Diversos estudios demuestran que diversas mutaciones en genes que regulan la expresi\u00f3n de receptores desempe\u00f1an un papel clave en la sensibilidad del organismo al Vibrio cholerae. Por ejemplo, los polimorfismos en genes responsables de la estructura y el funcionamiento de la mucosa intestinal pueden aumentar la probabilidad de desarrollar la enfermedad. Sin embargo, hasta la fecha, el estudio de los factores gen\u00e9ticos de predisposici\u00f3n al c\u00f3lera sigue siendo una asignatura pendiente, y se necesita m\u00e1s investigaci\u00f3n para comprender mejor esta relaci\u00f3n.<\/p>\n<h2><span class=\"ez-toc-section\" id=\"%D0%A4%D0%B0%D0%BA%D1%82%D0%BE%D1%80%D1%8B_%D1%80%D0%B8%D1%81%D0%BA%D0%B0_%D0%B2%D0%BE%D0%B7%D0%BD%D0%B8%D0%BA%D0%BD%D0%BE%D0%B2%D0%B5%D0%BD%D0%B8%D1%8F_%D0%B4%D0%B0%D0%BD%D0%BD%D0%BE%D0%B3%D0%BE_%D0%B7%D0%B0%D0%B1%D0%BE%D0%BB%D0%B5%D0%B2%D0%B0%D0%BD%D0%B8%D1%8F\"><\/span>Factores de riesgo de esta enfermedad.<span class=\"ez-toc-section-end\"><\/span><\/h2>\n<p>Los factores de riesgo que contribuyen a la aparici\u00f3n del c\u00f3lera se pueden dividir en varios grupos:<\/p>\n<ul>\n<li>Factores f\u00edsicos:\n<ul>\n<li>Falta de acceso a agua potable;<\/li>\n<li>Instalaciones sanitarias deficientes;<\/li>\n<li>Bajo nivel de higiene personal.<\/li>\n<\/ul>\n<\/li>\n<li>Factores qu\u00edmicos:\n<ul>\n<li>Contaminaci\u00f3n de fuentes de agua con metales pesados y otras sustancias t\u00f3xicas;<\/li>\n<li>Utilizando agua no tratada para cocinar.<\/li>\n<\/ul>\n<\/li>\n<li>Factores sociales:\n<ul>\n<li>Migraci\u00f3n de poblaci\u00f3n;<\/li>\n<li>Crisis y conflictos humanitarios;<\/li>\n<li>Falta de atenci\u00f3n m\u00e9dica y oportunidades de vacunaci\u00f3n.<\/li>\n<\/ul>\n<\/li>\n<\/ul>\n<h2><span class=\"ez-toc-section\" id=\"%D0%94%D0%B8%D0%B0%D0%B3%D0%BD%D0%BE%D1%81%D1%82%D0%B8%D0%BA%D0%B0_%D0%B4%D0%B0%D0%BD%D0%BD%D0%BE%D0%B3%D0%BE_%D0%B7%D0%B0%D0%B1%D0%BE%D0%BB%D0%B5%D0%B2%D0%B0%D0%BD%D0%B8%D1%8F\"><\/span>Diagn\u00f3stico de esta enfermedad.<span class=\"ez-toc-section-end\"><\/span><\/h2>\n<p>El diagn\u00f3stico del c\u00f3lera se basa en los s\u00edntomas cl\u00ednicos y las pruebas de laboratorio. Los principales s\u00edntomas incluyen:<\/p>\n<ul>\n<li>Diarrea acuosa aguda;<\/li>\n<li>Vomitar;<\/li>\n<li>Sed fuerte;<\/li>\n<li>Debilidad y fatiga;<\/li>\n<li>P\u00e9rdida de fuerza.<\/li>\n<\/ul>\n<p>Las pruebas de laboratorio incluyen:<\/p>\n<ul>\n<li>An\u00e1lisis bacteriol\u00f3gico de heces con el fin de aislar Vibrio cholerae;<\/li>\n<li>PCR para la detecci\u00f3n de ADN de pat\u00f3genos;<\/li>\n<li>Pruebas serol\u00f3gicas para detectar anticuerpos contra el c\u00f3lera.<\/li>\n<\/ul>\n<p>No suelen realizarse ex\u00e1menes radiol\u00f3gicos para diagnosticar el c\u00f3lera, pero en casos graves se pueden utilizar t\u00e9cnicas de imagen para evaluar el estado de los \u00f3rganos. El diagn\u00f3stico diferencial incluye la exclusi\u00f3n de otras enfermedades infecciosas que presentan s\u00edntomas similares, como la shigelosis, la salmonelosis y la infecci\u00f3n por rotavirus.<\/p>\n<h2><span class=\"ez-toc-section\" id=\"%D0%9B%D0%B5%D1%87%D0%B5%D0%BD%D0%B8%D0%B5\"><\/span>Tratamiento<span class=\"ez-toc-section-end\"><\/span><\/h2>\n<p>El tratamiento del c\u00f3lera se basa en mantener el equilibrio hidroelectrol\u00edtico y eliminar la deshidrataci\u00f3n. Los principales enfoques terap\u00e9uticos incluyen:<\/p><script data-noptimize=\"\" data-wpfc-render=\"false\">\nfpm_start( \"true\" );\n<\/script>\n\n<ul>\n<li>Correcci\u00f3n de la deshidrataci\u00f3n con terapia de rehidrataci\u00f3n oral o terapia de infusi\u00f3n;<\/li>\n<li>Terapia con antibi\u00f3ticos para la eliminaci\u00f3n m\u00e1s r\u00e1pida posible del pat\u00f3geno;<\/li>\n<li>Uso de agentes antimicrobianos.<\/li>\n<\/ul>\n<p>El tratamiento farmacol\u00f3gico puede incluir antibi\u00f3ticos como tetraciclina, doxiciclina y azitromicina, seg\u00fan la simplicidad y complejidad del caso. Generalmente no se requiere cirug\u00eda, pero en casos de deshidrataci\u00f3n grave, puede ser necesaria una reposici\u00f3n intensiva de l\u00edquidos y electrolitos. Otros tratamientos pueden incluir inmunoterapia con anticuerpos espec\u00edficos.<\/p>\n<h2><span class=\"ez-toc-section\" id=\"%D0%A1%D0%BF%D0%B8%D1%81%D0%BE%D0%BA_%D0%BB%D0%B5%D0%BA%D0%B0%D1%80%D1%81%D1%82%D0%B2_%D0%BF%D1%80%D0%B8%D0%BC%D0%B5%D0%BD%D1%8F%D0%B5%D0%BC%D1%8B%D1%85_%D0%B4%D0%BB%D1%8F_%D0%BB%D0%B5%D1%87%D0%B5%D0%BD%D0%B8%D1%8F_%D0%B4%D0%B0%D0%BD%D0%BD%D0%BE%D0%B3%D0%BE_%D0%B7%D0%B0%D0%B1%D0%BE%D0%BB%D0%B5%D0%B2%D0%B0%D0%BD%D0%B8%D1%8F\"><\/span>Lista de medicamentos utilizados para tratar esta enfermedad.<span class=\"ez-toc-section-end\"><\/span><\/h2>\n<p>Entre los medicamentos utilizados en el tratamiento del c\u00f3lera destacan los siguientes:<\/p>\n<ul>\n<li>tetraciclina;<\/li>\n<li>doxiciclina;<\/li>\n<li>Azitromicina;<\/li>\n<li>Rifaximina;<\/li>\n<li>Soluciones de rehidrataci\u00f3n oral.<\/li>\n<\/ul>\n<h2><span class=\"ez-toc-section\" id=\"%D0%9C%D0%BE%D0%BD%D0%B8%D1%82%D0%BE%D1%80%D0%B8%D0%BD%D0%B3_%D0%B7%D0%B0%D0%B1%D0%BE%D0%BB%D0%B5%D0%B2%D0%B0%D0%BD%D0%B8%D1%8F\"><\/span>Monitoreo de enfermedades<span class=\"ez-toc-section-end\"><\/span><\/h2>\n<p>El manejo del paciente tras el tratamiento inicial incluye la monitorizaci\u00f3n regular del estado de hidrataci\u00f3n, los niveles de electrolitos y el estado general de salud. El pron\u00f3stico con un tratamiento oportuno es favorable en la mayor\u00eda de los casos, pero sin la atenci\u00f3n m\u00e9dica adecuada, la probabilidad de muerte puede alcanzar el 50%. Las complicaciones pueden incluir diarrea cr\u00f3nica y desequilibrio electrol\u00edtico, lo que puede agravar el estado del paciente.<\/p>\n<h2><span class=\"ez-toc-section\" id=\"%D0%92%D0%BE%D0%B7%D1%80%D0%B0%D1%81%D1%82%D0%BD%D1%8B%D0%B5_%D0%BE%D1%81%D0%BE%D0%B1%D0%B5%D0%BD%D0%BD%D0%BE%D1%81%D1%82%D0%B8_%D0%B7%D0%B0%D0%B1%D0%BE%D0%BB%D0%B5%D0%B2%D0%B0%D0%BD%D0%B8%D1%8F\"><\/span>Caracter\u00edsticas de la enfermedad relacionadas con la edad.<span class=\"ez-toc-section-end\"><\/span><\/h2>\n<p>El c\u00f3lera puede progresar de forma diferente seg\u00fan la edad. En ni\u00f1os, la enfermedad se detecta con mayor frecuencia y puede manifestarse con mayor gravedad debido a la menor capacidad de reserva del organismo para la deshidrataci\u00f3n. En personas mayores y con enfermedades concomitantes, la evoluci\u00f3n de la enfermedad tambi\u00e9n puede ser m\u00e1s pronunciada, lo que requiere un tratamiento espec\u00edfico.<\/p>\n<h2><span class=\"ez-toc-section\" id=\"%D0%92%D0%BE%D0%BF%D1%80%D0%BE%D1%81%D1%8B_%D0%B8_%D0%BE%D1%82%D0%B2%D0%B5%D1%82%D1%8B\"><\/span>Preguntas y respuestas<span class=\"ez-toc-section-end\"><\/span><\/h2>\n<ul>\n<li><strong>\u00bfC\u00f3mo se transmite el c\u00f3lera?<\/strong> El c\u00f3lera se transmite por v\u00eda fecal-oral, con mayor frecuencia a trav\u00e9s de agua o alimentos contaminados.<\/li>\n<li><strong>\u00bfCu\u00e1les son los s\u00edntomas del c\u00f3lera?<\/strong> Los s\u00edntomas principales incluyen diarrea acuosa, v\u00f3mitos, sed intensa y p\u00e9rdida de fuerza.<\/li>\n<li><strong>\u00bfC\u00f3mo se realiza el diagn\u00f3stico?<\/strong> El diagn\u00f3stico incluye pruebas de heces para detectar Vibrio cholerae y una evaluaci\u00f3n cl\u00ednica del estado del paciente.<\/li>\n<li><strong>\u00bfC\u00f3mo se trata el c\u00f3lera?<\/strong> El tratamiento implica rehidrataci\u00f3n y antibi\u00f3ticos para eliminar el pat\u00f3geno.<\/li>\n<li><strong>\u00bfEs posible evitar el c\u00f3lera?<\/strong> La prevenci\u00f3n incluye el acceso a agua potable, buen saneamiento y vacunaci\u00f3n en zonas de riesgo.<\/li>\n<\/ul>\n<p>En conclusi\u00f3n, el Dr. Oleg Korzhikov ofrece algunos consejos para la prevenci\u00f3n y el tratamiento del c\u00f3lera. Destaca la importancia de mantener la higiene personal, lavarse las manos con regularidad, especialmente antes de comer, y beber solo agua purificada y consumir alimentos bien cocinados. Adem\u00e1s, se debe evitar la comida callejera en pa\u00edses con alto riesgo de c\u00f3lera y, si se presentan s\u00edntomas, buscar atenci\u00f3n m\u00e9dica de inmediato. Es importante recordar que buscar ayuda m\u00e9dica de inmediato y tomar medidas preventivas adecuadas puede reducir significativamente el riesgo de enfermedades infecciosas.<\/p>\n<div class=\"fpm_end\"><\/div>","protected":false},"excerpt":{"rendered":"<p>El c\u00f3lera, una enfermedad infecciosa aguda causada por Vibrio cholerae, se caracteriza por diarrea intensa, v\u00f3mitos y deshidrataci\u00f3n significativa. El principal mecanismo de transmisi\u00f3n...<\/p>","protected":false},"author":1,"featured_media":0,"comment_status":"open","ping_status":"","sticky":false,"template":"","format":"standard","meta":{"footnotes":""},"categories":[298],"tags":[],"class_list":["post-11670","post","type-post","status-publish","format-standard","hentry","category-medlibrary"],"_links":{"self":[{"href":"https:\/\/valintermed.com\/es\/wp-json\/wp\/v2\/posts\/11670","targetHints":{"allow":["GET"]}}],"collection":[{"href":"https:\/\/valintermed.com\/es\/wp-json\/wp\/v2\/posts"}],"about":[{"href":"https:\/\/valintermed.com\/es\/wp-json\/wp\/v2\/types\/post"}],"author":[{"embeddable":true,"href":"https:\/\/valintermed.com\/es\/wp-json\/wp\/v2\/users\/1"}],"replies":[{"embeddable":true,"href":"https:\/\/valintermed.com\/es\/wp-json\/wp\/v2\/comments?post=11670"}],"version-history":[{"count":1,"href":"https:\/\/valintermed.com\/es\/wp-json\/wp\/v2\/posts\/11670\/revisions"}],"predecessor-version":[{"id":15545,"href":"https:\/\/valintermed.com\/es\/wp-json\/wp\/v2\/posts\/11670\/revisions\/15545"}],"wp:attachment":[{"href":"https:\/\/valintermed.com\/es\/wp-json\/wp\/v2\/media?parent=11670"}],"wp:term":[{"taxonomy":"category","embeddable":true,"href":"https:\/\/valintermed.com\/es\/wp-json\/wp\/v2\/categories?post=11670"},{"taxonomy":"post_tag","embeddable":true,"href":"https:\/\/valintermed.com\/es\/wp-json\/wp\/v2\/tags?post=11670"}],"curies":[{"name":"wp","href":"https:\/\/api.w.org\/{rel}","templated":true}]}}